{"id":441,"date":"2026-01-26T17:04:42","date_gmt":"2026-01-26T16:04:42","guid":{"rendered":"https:\/\/www.budo-bruxelles.be\/?p=441"},"modified":"2026-01-26T17:04:42","modified_gmt":"2026-01-26T16:04:42","slug":"resultats-du-championnat-de-brabant-des-jeunes-le-25-01-2026","status":"publish","type":"post","link":"https:\/\/www.budo-bruxelles.be\/index.php\/2026\/01\/26\/resultats-du-championnat-de-brabant-des-jeunes-le-25-01-2026\/","title":{"rendered":"R\u00e9sultats du championnat de Brabant des jeunes le 25\/01\/2026"},"content":{"rendered":"\n<p>35 judokas du club s&rsquo;\u00e9taient inscrits pour participer \u00e0 cette \u00e9preuve qui rassemblait les plus jeunes aux -21 ans. Tout au long de la journ\u00e9e, cette belle d\u00e9l\u00e9gation a bien repr\u00e9sent\u00e9 le club en r\u00e9coltant un paquet de m\u00e9dailles. Bravo \u00e0 tous et merci aux ceintures noires pr\u00e9sentes, aux parents et Pascale pour leurs encouragements.<\/p>\n\n\n\n<p>Pour les judokas U15 &#8211; U18 et U21 class\u00e9s sur le podium, la prochaine \u00e9tape est le championnat r\u00e9gional \u00e0 Herstal les 7 et 8 f\u00e9vrier.<\/p>\n\n\n\n<p>U11 <br>1 MURARU LEON ANDREI<br>2 MANGOUTAS GEORGIA<br>2 ZACHOS THEODOROS<br>3 AKEL DRAUI YASSINE<br>3 ZACHOS ALEXANDROS<br>U13 <br>2 ALIKAJ ALBIO<br>2 DZHABRAILOVA AMIR<br>2 VANDEN BOSCH ELISENDE<br>2 VANDEPUT NGUYEN MAELINE<br>3 BELDJILALI HALIMA<br>3 COROI ADRIAN<br>3 EL AMRANI SHAYNA<br>3 MACOVEI ALESSIA ELENA<br>4 DE NAVEU ALEXIS<br>4 KADDOURA SHADI<br>4 MAROTTA PEREIRA TIAGO<br>4 WIBRIN GIULIA<br>U15 <br>1 MCAOURI HAROUCH MAROUA<br>2 MUTANDA KANZEVU ALEXSYAN<br>NC DIEU AARON<br>U18 <br>1 M CAOURI HARROUCH MOUHAMED AMINE<br>1 POPA ANNA<br>3 HATEM CEDRIC<br>3 IZMAR FATIMA<br>3 OUAGUINI MOHAMED RAYAN<br>NC HATEM SEBASTIEN<br>NC OUAGUINI ANIS<br>NC OUAGUINI YANIS<br>U21 <br>1 KARTAOUI INES<br>1 LAWSON MEDERIC<br>1 SZULC ALEXANDER<br>2 M CAOURI HARROUCH ROMAYSAE<br>3 DAUCHAT CEDRIC<br>5 DUFRAIGNE ALEXANDRE<\/p>\n\n\n\n<figure class=\"wp-block-image size-large\"><img loading=\"lazy\" decoding=\"async\" width=\"724\" height=\"1024\" src=\"https:\/\/www.budo-bruxelles.be\/wp-content\/uploads\/2026\/01\/Regional-jeunes-5-724x1024.png\" alt=\"\" class=\"wp-image-443\" srcset=\"https:\/\/www.budo-bruxelles.be\/wp-content\/uploads\/2026\/01\/Regional-jeunes-5-724x1024.png 724w, https:\/\/www.budo-bruxelles.be\/wp-content\/uploads\/2026\/01\/Regional-jeunes-5-212x300.png 212w, https:\/\/www.budo-bruxelles.be\/wp-content\/uploads\/2026\/01\/Regional-jeunes-5-768x1086.png 768w, https:\/\/www.budo-bruxelles.be\/wp-content\/uploads\/2026\/01\/Regional-jeunes-5-1086x1536.png 1086w, https:\/\/www.budo-bruxelles.be\/wp-content\/uploads\/2026\/01\/Regional-jeunes-5-1448x2048.png 1448w, https:\/\/www.budo-bruxelles.be\/wp-content\/uploads\/2026\/01\/Regional-jeunes-5.png 1587w\" sizes=\"auto, (max-width: 724px) 100vw, 724px\" \/><\/figure>\n","protected":false},"excerpt":{"rendered":"<p>35 judokas du club s&rsquo;\u00e9taient inscrits pour participer \u00e0 cette \u00e9preuve qui rassemblait les plus jeunes aux -21 ans. Tout au long de la journ\u00e9e, cette belle d\u00e9l\u00e9gation a bien repr\u00e9sent\u00e9 le club en r\u00e9coltant un paquet de m\u00e9dailles. Bravo \u00e0 tous et merci aux ceintures noires pr\u00e9sentes, aux parents et Pascale pour leurs encouragements. [&hellip;]<\/p>\n","protected":false},"author":1,"featured_media":0,"comment_status":"closed","ping_status":"","sticky":false,"template":"","format":"standard","meta":{"footnotes":""},"categories":[4],"tags":[],"class_list":["post-441","post","type-post","status-publish","format-standard","hentry","category-judo"],"_links":{"self":[{"href":"https:\/\/www.budo-bruxelles.be\/index.php\/wp-json\/wp\/v2\/posts\/441","targetHints":{"allow":["GET"]}}],"collection":[{"href":"https:\/\/www.budo-bruxelles.be\/index.php\/wp-json\/wp\/v2\/posts"}],"about":[{"href":"https:\/\/www.budo-bruxelles.be\/index.php\/wp-json\/wp\/v2\/types\/post"}],"author":[{"embeddable":true,"href":"https:\/\/www.budo-bruxelles.be\/index.php\/wp-json\/wp\/v2\/users\/1"}],"replies":[{"embeddable":true,"href":"https:\/\/www.budo-bruxelles.be\/index.php\/wp-json\/wp\/v2\/comments?post=441"}],"version-history":[{"count":2,"href":"https:\/\/www.budo-bruxelles.be\/index.php\/wp-json\/wp\/v2\/posts\/441\/revisions"}],"predecessor-version":[{"id":444,"href":"https:\/\/www.budo-bruxelles.be\/index.php\/wp-json\/wp\/v2\/posts\/441\/revisions\/444"}],"wp:attachment":[{"href":"https:\/\/www.budo-bruxelles.be\/index.php\/wp-json\/wp\/v2\/media?parent=441"}],"wp:term":[{"taxonomy":"category","embeddable":true,"href":"https:\/\/www.budo-bruxelles.be\/index.php\/wp-json\/wp\/v2\/categories?post=441"},{"taxonomy":"post_tag","embeddable":true,"href":"https:\/\/www.budo-bruxelles.be\/index.php\/wp-json\/wp\/v2\/tags?post=441"}],"curies":[{"name":"wp","href":"https:\/\/api.w.org\/{rel}","templated":true}]}}