{"id":380,"date":"2025-10-08T16:56:26","date_gmt":"2025-10-08T14:56:26","guid":{"rendered":"https:\/\/www.budo-bruxelles.be\/?p=380"},"modified":"2025-10-08T16:56:26","modified_gmt":"2025-10-08T14:56:26","slug":"resultats-de-la-hainaut-cup-le-5-10-2025","status":"publish","type":"post","link":"https:\/\/www.budo-bruxelles.be\/index.php\/2025\/10\/08\/resultats-de-la-hainaut-cup-le-5-10-2025\/","title":{"rendered":"R\u00e9sultats de la Hainaut Cup le 5\/10\/2025"},"content":{"rendered":"\n<p>Premi\u00e8re comp\u00e9tition de la saison pour nos jeunes judokas. Un grand bravo \u00e0 eux pour leur participation, aux parents pour leur soutien, \u00e0 Sullivan pour le coaching et \u00e0 Pascale pour l\u2019encadrement.<\/p>\n\n\n\n<figure class=\"wp-block-table\"><table class=\"has-fixed-layout\"><tbody><tr><td>Cat\u00e9 Age<\/td><td>Place<\/td><td>NOM<\/td><td>PRENOM<\/td><\/tr><tr><td>U11<\/td><td>1<\/td><td>BELDJILALI<\/td><td>Halima<\/td><\/tr><tr><td>U11<\/td><td>2<\/td><td>NOYON<\/td><td>Jules<\/td><\/tr><tr><td>U11<\/td><td>3<\/td><td>DZHABRAILOVA<\/td><td>Amir<\/td><\/tr><tr><td>U11<\/td><td>3<\/td><td>VANDEN BOSCH<\/td><td>Elisende<\/td><\/tr><tr><td>U11<\/td><td>3<\/td><td>ZACHOS<\/td><td>Theodoros<\/td><\/tr><tr><td>U11<\/td><td>4<\/td><td>VANDEPUT-NGUYEN<\/td><td>Maxime<\/td><\/tr><tr><td>U13<\/td><td>3<\/td><td>VANDEPUT-NGUYEN<\/td><td>Maeline<\/td><\/tr><\/tbody><\/table><\/figure>\n\n\n\n<figure class=\"wp-block-gallery has-nested-images columns-default is-cropped wp-block-gallery-1 is-layout-flex wp-block-gallery-is-layout-flex\">\n<figure class=\"wp-block-image size-large\"><img loading=\"lazy\" decoding=\"async\" width=\"1024\" height=\"478\" data-id=\"385\" src=\"https:\/\/www.budo-bruxelles.be\/wp-content\/uploads\/2025\/10\/20251005_133637-1024x478.jpg\" alt=\"\" class=\"wp-image-385\" srcset=\"https:\/\/www.budo-bruxelles.be\/wp-content\/uploads\/2025\/10\/20251005_133637-1024x478.jpg 1024w, https:\/\/www.budo-bruxelles.be\/wp-content\/uploads\/2025\/10\/20251005_133637-300x140.jpg 300w, https:\/\/www.budo-bruxelles.be\/wp-content\/uploads\/2025\/10\/20251005_133637-768x359.jpg 768w, https:\/\/www.budo-bruxelles.be\/wp-content\/uploads\/2025\/10\/20251005_133637-1536x717.jpg 1536w, https:\/\/www.budo-bruxelles.be\/wp-content\/uploads\/2025\/10\/20251005_133637.jpg 2000w\" sizes=\"auto, (max-width: 1024px) 100vw, 1024px\" \/><\/figure>\n\n\n\n<figure class=\"wp-block-image size-large\"><img loading=\"lazy\" decoding=\"async\" width=\"1024\" height=\"768\" data-id=\"384\" src=\"https:\/\/www.budo-bruxelles.be\/wp-content\/uploads\/2025\/10\/IMG-20251007-WA0002-1024x768.jpg\" alt=\"\" class=\"wp-image-384\" srcset=\"https:\/\/www.budo-bruxelles.be\/wp-content\/uploads\/2025\/10\/IMG-20251007-WA0002-1024x768.jpg 1024w, https:\/\/www.budo-bruxelles.be\/wp-content\/uploads\/2025\/10\/IMG-20251007-WA0002-300x225.jpg 300w, https:\/\/www.budo-bruxelles.be\/wp-content\/uploads\/2025\/10\/IMG-20251007-WA0002-768x576.jpg 768w, https:\/\/www.budo-bruxelles.be\/wp-content\/uploads\/2025\/10\/IMG-20251007-WA0002-1536x1152.jpg 1536w, https:\/\/www.budo-bruxelles.be\/wp-content\/uploads\/2025\/10\/IMG-20251007-WA0002.jpg 1600w\" sizes=\"auto, (max-width: 1024px) 100vw, 1024px\" \/><\/figure>\n\n\n\n<figure class=\"wp-block-image size-large\"><img loading=\"lazy\" decoding=\"async\" width=\"1024\" height=\"768\" data-id=\"386\" src=\"https:\/\/www.budo-bruxelles.be\/wp-content\/uploads\/2025\/10\/Messenger_creation_C14075BD-1F74-472F-83B7-B8851CA27FAA-1024x768.jpeg\" alt=\"\" class=\"wp-image-386\" srcset=\"https:\/\/www.budo-bruxelles.be\/wp-content\/uploads\/2025\/10\/Messenger_creation_C14075BD-1F74-472F-83B7-B8851CA27FAA-1024x768.jpeg 1024w, https:\/\/www.budo-bruxelles.be\/wp-content\/uploads\/2025\/10\/Messenger_creation_C14075BD-1F74-472F-83B7-B8851CA27FAA-300x225.jpeg 300w, https:\/\/www.budo-bruxelles.be\/wp-content\/uploads\/2025\/10\/Messenger_creation_C14075BD-1F74-472F-83B7-B8851CA27FAA-768x576.jpeg 768w, https:\/\/www.budo-bruxelles.be\/wp-content\/uploads\/2025\/10\/Messenger_creation_C14075BD-1F74-472F-83B7-B8851CA27FAA-1536x1152.jpeg 1536w, https:\/\/www.budo-bruxelles.be\/wp-content\/uploads\/2025\/10\/Messenger_creation_C14075BD-1F74-472F-83B7-B8851CA27FAA-2048x1536.jpeg 2048w\" sizes=\"auto, (max-width: 1024px) 100vw, 1024px\" \/><\/figure>\n<\/figure>\n","protected":false},"excerpt":{"rendered":"<p>Premi\u00e8re comp\u00e9tition de la saison pour nos jeunes judokas. Un grand bravo \u00e0 eux pour leur participation, aux parents pour leur soutien, \u00e0 Sullivan pour le coaching et \u00e0 Pascale pour l\u2019encadrement. Cat\u00e9 Age Place NOM PRENOM U11 1 BELDJILALI Halima U11 2 NOYON Jules U11 3 DZHABRAILOVA Amir U11 3 VANDEN BOSCH Elisende U11 [&hellip;]<\/p>\n","protected":false},"author":1,"featured_media":0,"comment_status":"closed","ping_status":"","sticky":false,"template":"","format":"standard","meta":{"footnotes":""},"categories":[4],"tags":[],"class_list":["post-380","post","type-post","status-publish","format-standard","hentry","category-judo"],"_links":{"self":[{"href":"https:\/\/www.budo-bruxelles.be\/index.php\/wp-json\/wp\/v2\/posts\/380","targetHints":{"allow":["GET"]}}],"collection":[{"href":"https:\/\/www.budo-bruxelles.be\/index.php\/wp-json\/wp\/v2\/posts"}],"about":[{"href":"https:\/\/www.budo-bruxelles.be\/index.php\/wp-json\/wp\/v2\/types\/post"}],"author":[{"embeddable":true,"href":"https:\/\/www.budo-bruxelles.be\/index.php\/wp-json\/wp\/v2\/users\/1"}],"replies":[{"embeddable":true,"href":"https:\/\/www.budo-bruxelles.be\/index.php\/wp-json\/wp\/v2\/comments?post=380"}],"version-history":[{"count":1,"href":"https:\/\/www.budo-bruxelles.be\/index.php\/wp-json\/wp\/v2\/posts\/380\/revisions"}],"predecessor-version":[{"id":387,"href":"https:\/\/www.budo-bruxelles.be\/index.php\/wp-json\/wp\/v2\/posts\/380\/revisions\/387"}],"wp:attachment":[{"href":"https:\/\/www.budo-bruxelles.be\/index.php\/wp-json\/wp\/v2\/media?parent=380"}],"wp:term":[{"taxonomy":"category","embeddable":true,"href":"https:\/\/www.budo-bruxelles.be\/index.php\/wp-json\/wp\/v2\/categories?post=380"},{"taxonomy":"post_tag","embeddable":true,"href":"https:\/\/www.budo-bruxelles.be\/index.php\/wp-json\/wp\/v2\/tags?post=380"}],"curies":[{"name":"wp","href":"https:\/\/api.w.org\/{rel}","templated":true}]}}