{"id":343,"date":"2025-05-29T13:20:54","date_gmt":"2025-05-29T11:20:54","guid":{"rendered":"https:\/\/www.budo-bruxelles.be\/?p=343"},"modified":"2025-05-30T09:00:51","modified_gmt":"2025-05-30T07:00:51","slug":"championnats-deurope-veterans-a-riga-les-belges-remportent-25-medailles","status":"publish","type":"post","link":"https:\/\/www.budo-bruxelles.be\/index.php\/2025\/05\/29\/championnats-deurope-veterans-a-riga-les-belges-remportent-25-medailles\/","title":{"rendered":"Championnats d&rsquo;Europe v\u00e9t\u00e9rans \u00e0 Riga : les Belges remportent 25 m\u00e9dailles"},"content":{"rendered":"\n<p>Le Championnat d&rsquo;Europe de judo v\u00e9t\u00e9ran de cette ann\u00e9e a eu lieu \u00e0 Riga, en Lettonie. Pas moins de 31 judokas belges \u2013 dont 1 de nos judokas : Christian Van Geetsom \u2013 y ont particip\u00e9. Les Belges ont remport\u00e9 pas moins de 24 m\u00e9dailles dans les championnats individuels et 1 m\u00e9daille de bronze dans les Equipes (TM 30). <\/p>\n\n\n\n<p>Christian VAN GEETSOM en M9 -90kg se classe 3\u00e8me, m\u00e9daille de bronze (2\u00e8me en haut \u00e0 partir de la gauche). A nouveau, bravo Christian et f\u00e9licitations \u00e0 tous les judokas !<\/p>\n\n\n\n<figure class=\"wp-block-image size-full\"><img loading=\"lazy\" decoding=\"async\" width=\"1024\" height=\"768\" src=\"https:\/\/www.budo-bruxelles.be\/wp-content\/uploads\/2025\/05\/veteranen-2-1024x768-1.jpg\" alt=\"\" class=\"wp-image-344\" srcset=\"https:\/\/www.budo-bruxelles.be\/wp-content\/uploads\/2025\/05\/veteranen-2-1024x768-1.jpg 1024w, https:\/\/www.budo-bruxelles.be\/wp-content\/uploads\/2025\/05\/veteranen-2-1024x768-1-300x225.jpg 300w, https:\/\/www.budo-bruxelles.be\/wp-content\/uploads\/2025\/05\/veteranen-2-1024x768-1-768x576.jpg 768w\" sizes=\"auto, (max-width: 1024px) 100vw, 1024px\" \/><\/figure>\n","protected":false},"excerpt":{"rendered":"<p>Le Championnat d&rsquo;Europe de judo v\u00e9t\u00e9ran de cette ann\u00e9e a eu lieu \u00e0 Riga, en Lettonie. Pas moins de 31 judokas belges \u2013 dont 1 de nos judokas : Christian Van Geetsom \u2013 y ont particip\u00e9. Les Belges ont remport\u00e9 pas moins de 24 m\u00e9dailles dans les championnats individuels et 1 m\u00e9daille de bronze dans [&hellip;]<\/p>\n","protected":false},"author":1,"featured_media":0,"comment_status":"closed","ping_status":"","sticky":false,"template":"","format":"standard","meta":{"footnotes":""},"categories":[4],"tags":[],"class_list":["post-343","post","type-post","status-publish","format-standard","hentry","category-judo"],"_links":{"self":[{"href":"https:\/\/www.budo-bruxelles.be\/index.php\/wp-json\/wp\/v2\/posts\/343","targetHints":{"allow":["GET"]}}],"collection":[{"href":"https:\/\/www.budo-bruxelles.be\/index.php\/wp-json\/wp\/v2\/posts"}],"about":[{"href":"https:\/\/www.budo-bruxelles.be\/index.php\/wp-json\/wp\/v2\/types\/post"}],"author":[{"embeddable":true,"href":"https:\/\/www.budo-bruxelles.be\/index.php\/wp-json\/wp\/v2\/users\/1"}],"replies":[{"embeddable":true,"href":"https:\/\/www.budo-bruxelles.be\/index.php\/wp-json\/wp\/v2\/comments?post=343"}],"version-history":[{"count":2,"href":"https:\/\/www.budo-bruxelles.be\/index.php\/wp-json\/wp\/v2\/posts\/343\/revisions"}],"predecessor-version":[{"id":346,"href":"https:\/\/www.budo-bruxelles.be\/index.php\/wp-json\/wp\/v2\/posts\/343\/revisions\/346"}],"wp:attachment":[{"href":"https:\/\/www.budo-bruxelles.be\/index.php\/wp-json\/wp\/v2\/media?parent=343"}],"wp:term":[{"taxonomy":"category","embeddable":true,"href":"https:\/\/www.budo-bruxelles.be\/index.php\/wp-json\/wp\/v2\/categories?post=343"},{"taxonomy":"post_tag","embeddable":true,"href":"https:\/\/www.budo-bruxelles.be\/index.php\/wp-json\/wp\/v2\/tags?post=343"}],"curies":[{"name":"wp","href":"https:\/\/api.w.org\/{rel}","templated":true}]}}