{"id":316,"date":"2025-02-11T14:41:18","date_gmt":"2025-02-11T13:41:18","guid":{"rendered":"https:\/\/www.budo-bruxelles.be\/?p=316"},"modified":"2025-02-11T14:41:18","modified_gmt":"2025-02-11T13:41:18","slug":"resultats-du-championnat-regional-des-jeunes-les-8-et-9-fevrier-2025","status":"publish","type":"post","link":"https:\/\/www.budo-bruxelles.be\/index.php\/2025\/02\/11\/resultats-du-championnat-regional-des-jeunes-les-8-et-9-fevrier-2025\/","title":{"rendered":"R\u00e9sultats du championnat r\u00e9gional des jeunes les 8 et 9 f\u00e9vrier 2025"},"content":{"rendered":"\n<div class=\"wp-block-columns is-layout-flex wp-container-core-columns-is-layout-9d6595d7 wp-block-columns-is-layout-flex\">\n<div class=\"wp-block-column is-layout-flow wp-block-column-is-layout-flow\" style=\"flex-basis:100%\"><div class=\"wp-block-image\">\n<figure class=\"aligncenter size-large is-resized\"><img loading=\"lazy\" decoding=\"async\" width=\"1024\" height=\"962\" src=\"https:\/\/www.budo-bruxelles.be\/wp-content\/uploads\/2025\/02\/20250208_123106-1024x962.jpg\" alt=\"\" class=\"wp-image-317\" style=\"width:356px;height:auto\" srcset=\"https:\/\/www.budo-bruxelles.be\/wp-content\/uploads\/2025\/02\/20250208_123106-1024x962.jpg 1024w, https:\/\/www.budo-bruxelles.be\/wp-content\/uploads\/2025\/02\/20250208_123106-300x282.jpg 300w, https:\/\/www.budo-bruxelles.be\/wp-content\/uploads\/2025\/02\/20250208_123106-768x722.jpg 768w, https:\/\/www.budo-bruxelles.be\/wp-content\/uploads\/2025\/02\/20250208_123106-1536x1444.jpg 1536w, https:\/\/www.budo-bruxelles.be\/wp-content\/uploads\/2025\/02\/20250208_123106.jpg 1744w\" sizes=\"auto, (max-width: 1024px) 100vw, 1024px\" \/><\/figure>\n<\/div>\n\n\n<p>Ce week-end avait lieu \u00e0 Herstal le championnat r\u00e9gional des jeunes. Douze judokas s&rsquo;\u00e9taient qualifi\u00e9s pour cette \u00e9preuve la semaine pass\u00e9e. Pour bon nombre, comme Maroua, Narek, Alexyan, Anna, Nino, Mouhamed Amine et Matys, c&rsquo;\u00e9tait une premi\u00e8re exp\u00e9rience \u00e0 ce niveau. La moindre erreur ne pardonne pas, m\u00eame chez les plus jeunes. Anna, Nino, Mouhamed Amine et Matys ont cependant bien rempli leur contrat en remportant quelques combats.<\/p>\n\n\n\n<p>En U18 &#8211; 57kg ce n&rsquo;\u00e9tait pas le jour de Yasmine ! Elle se fait \u00e9limin\u00e9e d&rsquo;entr\u00e9e de jeu par Lyla Manzo. Elle la connait bien et dans sa t\u00eate, elle n&rsquo;est pas parvenue \u00e0 prendre le dessus. Ensuite, lors du rep\u00eachage, face \u00e0 Zo\u00e9 Depape, si Yasmine se fait rapidement marquer waza-ari, elle parvient \u00e0 projeter son adversaire. D&rsquo;abord comptabilis\u00e9e Ippon, apr\u00e8s intervention de la vid\u00e9o, l&rsquo;action est redescendue \u00e0 Yuko ! Une telle diff\u00e9rence de score est difficilement compr\u00e9hensible et Yasmine ne parviendra pas \u00e0 remonter au score.<\/p>\n\n\n\n<p>En U21 -100kg, Alexander gagne son premier combat pour ensuite \u00eatre rel\u00e9gu\u00e9 en rep\u00eachages par le futur vainqueur du tournoi. Apr\u00e8s un premier tour gagnant, il sera battu et \u00e9limin\u00e9 sur une grossi\u00e8re erreur de sa part.<\/p>\n\n\n\n<p>Toujours en U21, en -81kg, Andrei est battu au 1er tour. En rep\u00eachage, alors qu&rsquo;il m\u00e8ne le combat par un yuko, il se fait prendre en immobilisation \u00e0 quelques secondes de la fin du combat. Fin de parcours \u00e9galement. <\/p>\n\n\n\n<p>Dans la m\u00eame cat\u00e9gorie, \u00ab\u00a0Momo\u00a0\u00bb a fait un magnifique parcours. Il gagne ses 3 premiers combats par Ippon en nous faisant cependant une belle frayeur sur une attaque de sa part pour laquelle il aurait pu \u00eatre disqualifi\u00e9 ! En finale, Momo est tomb\u00e9 sur un judoka tr\u00e8s fort &#8230; Il en r\u00e9sulte une tr\u00e8s belle m\u00e9daille d&rsquo;argent. <\/p>\n\n\n\n<p>En -73kg, Matth\u00e9o fait un beau tournoi. Exempt\u00e9 de premier tour, il gagne par Ippon ses 2 premiers combats et acc\u00e8de \u00e0 la demi-finale. Face \u00e0 Delplanque, il subit les assauts de ce dernier pour se faire marquer yuko et waza-ari et se retrouver en finale de rep\u00eachages. Rien n&rsquo;est perdu &#8230; Apr\u00e8s avoir marqu\u00e9 un waza-ari, il d\u00e9croche le bronze en marquant Ippon apr\u00e8s 2min47 de combat. Bravo Matth\u00e9o !<\/p>\n\n\n\n<p>Nos deux judokas tenteront leur chance la semaine prochaine au championnat de Belgique dans des cat\u00e9gories tr\u00e8s relev\u00e9es !<\/p>\n\n\n\n<p>Merci \u00e0 nos supporters pour leurs encouragements et leur patience, \u00e0 Pascale pour l&rsquo;encadrement des judokas ainsi qu&rsquo;\u00e0 Rayane pour son aide au niveau du coaching.<\/p>\n\n\n\n<figure class=\"wp-block-gallery has-nested-images columns-default is-cropped wp-block-gallery-1 is-layout-flex wp-block-gallery-is-layout-flex\">\n<figure class=\"wp-block-image size-large\"><img loading=\"lazy\" decoding=\"async\" width=\"1024\" height=\"753\" data-id=\"318\" src=\"https:\/\/www.budo-bruxelles.be\/wp-content\/uploads\/2025\/02\/20250208_122343-1024x753.jpg\" alt=\"\" class=\"wp-image-318\" srcset=\"https:\/\/www.budo-bruxelles.be\/wp-content\/uploads\/2025\/02\/20250208_122343-1024x753.jpg 1024w, https:\/\/www.budo-bruxelles.be\/wp-content\/uploads\/2025\/02\/20250208_122343-300x221.jpg 300w, https:\/\/www.budo-bruxelles.be\/wp-content\/uploads\/2025\/02\/20250208_122343-768x564.jpg 768w, https:\/\/www.budo-bruxelles.be\/wp-content\/uploads\/2025\/02\/20250208_122343-1536x1129.jpg 1536w, https:\/\/www.budo-bruxelles.be\/wp-content\/uploads\/2025\/02\/20250208_122343-2048x1505.jpg 2048w\" sizes=\"auto, (max-width: 1024px) 100vw, 1024px\" \/><\/figure>\n\n\n\n<figure class=\"wp-block-image size-large\"><img loading=\"lazy\" decoding=\"async\" width=\"939\" height=\"1024\" data-id=\"319\" src=\"https:\/\/www.budo-bruxelles.be\/wp-content\/uploads\/2025\/02\/20250208_122823-939x1024.jpg\" alt=\"\" class=\"wp-image-319\" srcset=\"https:\/\/www.budo-bruxelles.be\/wp-content\/uploads\/2025\/02\/20250208_122823-939x1024.jpg 939w, https:\/\/www.budo-bruxelles.be\/wp-content\/uploads\/2025\/02\/20250208_122823-275x300.jpg 275w, https:\/\/www.budo-bruxelles.be\/wp-content\/uploads\/2025\/02\/20250208_122823-768x838.jpg 768w, https:\/\/www.budo-bruxelles.be\/wp-content\/uploads\/2025\/02\/20250208_122823.jpg 1101w\" sizes=\"auto, (max-width: 939px) 100vw, 939px\" \/><\/figure>\n\n\n\n<figure class=\"wp-block-image size-large\"><img loading=\"lazy\" decoding=\"async\" width=\"918\" height=\"1024\" data-id=\"320\" src=\"https:\/\/www.budo-bruxelles.be\/wp-content\/uploads\/2025\/02\/20250208_123001-918x1024.jpg\" alt=\"\" class=\"wp-image-320\" srcset=\"https:\/\/www.budo-bruxelles.be\/wp-content\/uploads\/2025\/02\/20250208_123001-918x1024.jpg 918w, https:\/\/www.budo-bruxelles.be\/wp-content\/uploads\/2025\/02\/20250208_123001-269x300.jpg 269w, https:\/\/www.budo-bruxelles.be\/wp-content\/uploads\/2025\/02\/20250208_123001-768x856.jpg 768w, https:\/\/www.budo-bruxelles.be\/wp-content\/uploads\/2025\/02\/20250208_123001.jpg 1094w\" sizes=\"auto, (max-width: 918px) 100vw, 918px\" \/><\/figure>\n<\/figure>\n<\/div>\n<\/div>\n\n\n\n<p><\/p>\n","protected":false},"excerpt":{"rendered":"<p>Ce week-end avait lieu \u00e0 Herstal le championnat r\u00e9gional des jeunes. Douze judokas s&rsquo;\u00e9taient qualifi\u00e9s pour cette \u00e9preuve la semaine pass\u00e9e. Pour bon nombre, comme Maroua, Narek, Alexyan, Anna, Nino, Mouhamed Amine et Matys, c&rsquo;\u00e9tait une premi\u00e8re exp\u00e9rience \u00e0 ce niveau. La moindre erreur ne pardonne pas, m\u00eame chez les plus jeunes. Anna, Nino, Mouhamed [&hellip;]<\/p>\n","protected":false},"author":1,"featured_media":0,"comment_status":"closed","ping_status":"","sticky":false,"template":"","format":"standard","meta":{"footnotes":""},"categories":[4],"tags":[],"class_list":["post-316","post","type-post","status-publish","format-standard","hentry","category-judo"],"_links":{"self":[{"href":"https:\/\/www.budo-bruxelles.be\/index.php\/wp-json\/wp\/v2\/posts\/316","targetHints":{"allow":["GET"]}}],"collection":[{"href":"https:\/\/www.budo-bruxelles.be\/index.php\/wp-json\/wp\/v2\/posts"}],"about":[{"href":"https:\/\/www.budo-bruxelles.be\/index.php\/wp-json\/wp\/v2\/types\/post"}],"author":[{"embeddable":true,"href":"https:\/\/www.budo-bruxelles.be\/index.php\/wp-json\/wp\/v2\/users\/1"}],"replies":[{"embeddable":true,"href":"https:\/\/www.budo-bruxelles.be\/index.php\/wp-json\/wp\/v2\/comments?post=316"}],"version-history":[{"count":1,"href":"https:\/\/www.budo-bruxelles.be\/index.php\/wp-json\/wp\/v2\/posts\/316\/revisions"}],"predecessor-version":[{"id":321,"href":"https:\/\/www.budo-bruxelles.be\/index.php\/wp-json\/wp\/v2\/posts\/316\/revisions\/321"}],"wp:attachment":[{"href":"https:\/\/www.budo-bruxelles.be\/index.php\/wp-json\/wp\/v2\/media?parent=316"}],"wp:term":[{"taxonomy":"category","embeddable":true,"href":"https:\/\/www.budo-bruxelles.be\/index.php\/wp-json\/wp\/v2\/categories?post=316"},{"taxonomy":"post_tag","embeddable":true,"href":"https:\/\/www.budo-bruxelles.be\/index.php\/wp-json\/wp\/v2\/tags?post=316"}],"curies":[{"name":"wp","href":"https:\/\/api.w.org\/{rel}","templated":true}]}}